{"id":1655,"date":"2024-09-18T14:43:00","date_gmt":"2024-09-18T20:43:00","guid":{"rendered":"https:\/\/escuelamilitar.mil.sv\/?p=1655"},"modified":"2024-10-09T10:54:54","modified_gmt":"2024-10-09T16:54:54","slug":"centro-de-educacion-e-instruccion-naval-cein","status":"publish","type":"post","link":"https:\/\/escuelamilitar.mil.sv\/?p=1655","title":{"rendered":"Centro de Educaci\u00f3n e Instrucci\u00f3n Naval &#8211; CEIN"},"content":{"rendered":"\n<p>La historia de la educaci\u00f3n tiene sus ra\u00edces desde antes de la fundaci\u00f3n de la Fuerza Naval; es decir, se inicia desde 1949 y ha permitido la profesionalizaci\u00f3n de la gente de mar a trav\u00e9s de los a\u00f1os; o sea, que la educaci\u00f3n e instrucci\u00f3n naval no se realiz\u00f3 en escuelas de instrucci\u00f3n y educaci\u00f3n en forma permanente, debido a que las escuelas&nbsp; de ense\u00f1anza naval no funcionaron&nbsp; por per\u00edodos continuos y debido a la situaci\u00f3n que la Rama Naval vivi\u00f3. As\u00ed que, muchos de los cursos impartidos al personal, se realizaron planific\u00e1ndolos en base a las necesidades de la Marina Nacional y con medios propios de la Base Naval.<\/p>\n\n\n\n<p>A principios de 1949, se contrata los servicios del ciudadano franc\u00e9s Enseigne Charles Sarrat como asesor naval para El Salvador. El perteneci\u00f3 a la Marina de Guerra de Francia, quien se convertir\u00eda en el primer Director de la Escuela de Marina.<\/p>\n\n\n\n<p>El 05 de septiembre de 1949, el Consejo Revolucionario de Gobierno emite el Decreto Legislativo N\u00ba. 804, en el que autoriza la creaci\u00f3n de la Escuela de Marina y autom\u00e1ticamente se independiza el Departamento de Marina y Aviaci\u00f3n del Ministerio de la Defensa. En 1962 deja de funcionar la Escuela de Marina, pero no se tiene un dato exacto del motivo de su cierre. En enero de 1950 se emite la Orden General en la que se autorizan los traslados de ocho Sres. oficiales que integraran los cursos de marina. Asimismo, se ordena a todas la guarniciones militares enviar voluntarios para integrar la nueva Rama, tambi\u00e9n, al Curso de Mariner\u00eda se presentan 100 aspirantes, quienes posteriormente se destacar\u00edan a los Puertos de La Libertad, Acajutla&nbsp; y La Uni\u00f3n.<\/p>\n\n\n\n<p>El 05 de enero de 1950,&nbsp; la Escuela de Marina no ten\u00eda lugar propio, por lo que en esta fecha se le asign\u00f3 un hangar de la Fuerza A\u00e9rea, donde se albergaron los Cursos de: oficiales, clases y gavieros y se iniciaron las clases te\u00f3ricas; las pr\u00e1cticas de navegaci\u00f3n (remo, vela y propulsi\u00f3n) se hicieron en el lago de Ilopango, utilizando las diez lanchas remeras y dos pinazas de madera de 10 remos, estas \u00faltimas&nbsp; compradas a Canad\u00e1 en noviembre de 1949.<\/p>\n\n\n\n<p>En 1950, la Escuela de Marina inici\u00f3 el a\u00f1o lectivo con los siguientes instructores:<\/p>\n\n\n\n<figure class=\"wp-block-table\"><table><tbody><tr><td>Sr. Cap. YANEZ URIAS&nbsp;<\/td><td>Instructor de las materias fundamentales del mando&nbsp;<\/td><\/tr><tr><td>Ing CHARLES SARRAT&nbsp;<\/td><td>Instructor de Navegaci\u00f3n&nbsp;<\/td><\/tr><tr><td>Sr. EUGENIO CORTEZ&nbsp;&nbsp;<\/td><td>Instructor de Nudos y Ajustes&nbsp;<\/td><\/tr><tr><td>Sr. JOSE DEL C.&nbsp; REYES&nbsp;&nbsp;<\/td><td>Instructor de Vela y Remo&nbsp;<\/td><\/tr><tr><td>Sr. LUIS ALONSO ALVAREZ&nbsp;<\/td><td>Instructor de Torno y Fresadora&nbsp;<\/td><\/tr><tr><td>Sr. JORGE BIGUER&nbsp;<\/td><td>Instructor de Navegaci\u00f3n&nbsp;&nbsp;<\/td><\/tr><tr><td>Sr. FRANCISCO ACU\u00d1A&nbsp;&nbsp;<\/td><td>Instructor de Vela y Remo&nbsp;&nbsp;<\/td><\/tr><tr><td>Sr. DARIO MENDOZA FLORES&nbsp;&nbsp;<\/td><td>Instructor de Telegraf\u00eda&nbsp;<\/td><\/tr><tr><td>Sr. JOSE ANTONIO VANEGAS&nbsp;<\/td><td>Instructor de Mec\u00e1nica&nbsp;<\/td><\/tr><tr><td>Sr. EMILIO MEDRANO SANTOS&nbsp;<\/td><td>Instructor de Mec\u00e1nica&nbsp;&nbsp;<\/td><\/tr><tr><td>Sr. ARTURO AGUIRRE&nbsp;<\/td><td>Carpintero de Rivera&nbsp;<\/td><\/tr><tr><td>Sr. DARIO VEGA DUARTE&nbsp;<\/td><td>Instructor de Leyes&nbsp;&nbsp;<\/td><\/tr><\/tbody><\/table><\/figure>\n\n\n\n<p>Una de las ventajas de la Escuela fue, que a su inicio se contaba con el&nbsp; buque&nbsp; GC-1, lo que permiti\u00f3 que se realizaran pr\u00e1cticas de navegaci\u00f3n en el golfo de Fonseca&nbsp; con los alumnos y de esta forma ganar experiencia en la pr\u00e1ctica.<\/p>\n","protected":false},"excerpt":{"rendered":"<div class=\"parrafos-blancos-letranegra\"><p>La historia de la educaci\u00f3n tiene sus ra\u00edces desde antes de la fundaci\u00f3n de la Fuerza Naval; es decir, se inicia desde 1949 y ha permitido la profesionalizaci\u00f3n de la [&hellip;]<\/p>\n<\/div>","protected":false},"author":3,"featured_media":1977,"comment_status":"open","ping_status":"open","sticky":false,"template":"","format":"standard","meta":{"footnotes":""},"categories":[2],"tags":[],"class_list":["post-1655","post","type-post","status-publish","format-standard","has-post-thumbnail","hentry","category-centro-de-ensenanza"],"yoast_head":"<!-- This site is optimized with the Yoast SEO plugin v23.6 - https:\/\/yoast.com\/wordpress\/plugins\/seo\/ -->\n<title>Centro de Educaci\u00f3n e Instrucci\u00f3n Naval - CEIN - Escuela Militar Capit\u00e1n General Gerardo Barrios<\/title>\n<meta name=\"robots\" content=\"index, follow, max-snippet:-1, max-image-preview:large, max-video-preview:-1\" \/>\n<link rel=\"canonical\" href=\"https:\/\/escuelamilitar.mil.sv\/?p=1655\" \/>\n<meta property=\"og:locale\" content=\"es_ES\" \/>\n<meta property=\"og:type\" content=\"article\" \/>\n<meta property=\"og:title\" content=\"Centro de Educaci\u00f3n e Instrucci\u00f3n Naval - CEIN - Escuela Militar Capit\u00e1n General Gerardo Barrios\" \/>\n<meta property=\"og:description\" content=\"La historia de la educaci\u00f3n tiene sus ra\u00edces desde antes de la fundaci\u00f3n de la Fuerza Naval; es decir, se inicia desde 1949 y ha permitido la profesionalizaci\u00f3n de la [&hellip;]\" \/>\n<meta property=\"og:url\" content=\"https:\/\/escuelamilitar.mil.sv\/?p=1655\" \/>\n<meta property=\"og:site_name\" content=\"Escuela Militar Capit\u00e1n General Gerardo Barrios\" \/>\n<meta property=\"article:published_time\" content=\"2024-09-18T20:43:00+00:00\" \/>\n<meta property=\"article:modified_time\" content=\"2024-10-09T16:54:54+00:00\" \/>\n<meta property=\"og:image\" content=\"https:\/\/escuelamilitar.mil.sv\/wp-content\/uploads\/2021\/08\/CEINP2.jpg\" \/>\n\t<meta property=\"og:image:width\" content=\"1067\" \/>\n\t<meta property=\"og:image:height\" content=\"800\" \/>\n\t<meta property=\"og:image:type\" content=\"image\/jpeg\" \/>\n<meta name=\"author\" content=\"Escuela Militar Capitan General Gerardo Barrios\" \/>\n<meta name=\"twitter:card\" content=\"summary_large_image\" \/>\n<meta name=\"twitter:label1\" content=\"Escrito por\" \/>\n\t<meta name=\"twitter:data1\" content=\"Escuela Militar Capitan General Gerardo Barrios\" \/>\n\t<meta name=\"twitter:label2\" content=\"Tiempo de lectura\" \/>\n\t<meta name=\"twitter:data2\" content=\"3 minutos\" \/>\n<script type=\"application\/ld+json\" class=\"yoast-schema-graph\">{\"@context\":\"https:\/\/schema.org\",\"@graph\":[{\"@type\":\"WebPage\",\"@id\":\"https:\/\/escuelamilitar.mil.sv\/?p=1655\",\"url\":\"https:\/\/escuelamilitar.mil.sv\/?p=1655\",\"name\":\"Centro de Educaci\u00f3n e Instrucci\u00f3n Naval - CEIN - Escuela Militar Capit\u00e1n General Gerardo Barrios\",\"isPartOf\":{\"@id\":\"https:\/\/escuelamilitar.mil.sv\/#website\"},\"primaryImageOfPage\":{\"@id\":\"https:\/\/escuelamilitar.mil.sv\/?p=1655#primaryimage\"},\"image\":{\"@id\":\"https:\/\/escuelamilitar.mil.sv\/?p=1655#primaryimage\"},\"thumbnailUrl\":\"https:\/\/escuelamilitar.mil.sv\/wp-content\/uploads\/2021\/08\/CEINP2.jpg\",\"datePublished\":\"2024-09-18T20:43:00+00:00\",\"dateModified\":\"2024-10-09T16:54:54+00:00\",\"author\":{\"@id\":\"https:\/\/escuelamilitar.mil.sv\/#\/schema\/person\/5e87f3a1f7af5f05a0baea1c5f7ed307\"},\"breadcrumb\":{\"@id\":\"https:\/\/escuelamilitar.mil.sv\/?p=1655#breadcrumb\"},\"inLanguage\":\"es\",\"potentialAction\":[{\"@type\":\"ReadAction\",\"target\":[\"https:\/\/escuelamilitar.mil.sv\/?p=1655\"]}]},{\"@type\":\"ImageObject\",\"inLanguage\":\"es\",\"@id\":\"https:\/\/escuelamilitar.mil.sv\/?p=1655#primaryimage\",\"url\":\"https:\/\/escuelamilitar.mil.sv\/wp-content\/uploads\/2021\/08\/CEINP2.jpg\",\"contentUrl\":\"https:\/\/escuelamilitar.mil.sv\/wp-content\/uploads\/2021\/08\/CEINP2.jpg\",\"width\":1067,\"height\":800},{\"@type\":\"BreadcrumbList\",\"@id\":\"https:\/\/escuelamilitar.mil.sv\/?p=1655#breadcrumb\",\"itemListElement\":[{\"@type\":\"ListItem\",\"position\":1,\"name\":\"Inicio\",\"item\":\"https:\/\/escuelamilitar.mil.sv\/\"},{\"@type\":\"ListItem\",\"position\":2,\"name\":\"Centros de Ense\u00f1anza\",\"item\":\"https:\/\/escuelamilitar.mil.sv\/?cat=2\"},{\"@type\":\"ListItem\",\"position\":3,\"name\":\"Centro de Educaci\u00f3n e Instrucci\u00f3n Naval &#8211; CEIN\"}]},{\"@type\":\"WebSite\",\"@id\":\"https:\/\/escuelamilitar.mil.sv\/#website\",\"url\":\"https:\/\/escuelamilitar.mil.sv\/\",\"name\":\"Escuela Militar Capit\u00e1n General Gerardo Barrios\",\"description\":\"Escuela Militar\",\"potentialAction\":[{\"@type\":\"SearchAction\",\"target\":{\"@type\":\"EntryPoint\",\"urlTemplate\":\"https:\/\/escuelamilitar.mil.sv\/?s={search_term_string}\"},\"query-input\":{\"@type\":\"PropertyValueSpecification\",\"valueRequired\":true,\"valueName\":\"search_term_string\"}}],\"inLanguage\":\"es\"},{\"@type\":\"Person\",\"@id\":\"https:\/\/escuelamilitar.mil.sv\/#\/schema\/person\/5e87f3a1f7af5f05a0baea1c5f7ed307\",\"name\":\"Escuela Militar Capitan General Gerardo Barrios\",\"image\":{\"@type\":\"ImageObject\",\"inLanguage\":\"es\",\"@id\":\"https:\/\/escuelamilitar.mil.sv\/#\/schema\/person\/image\/\",\"url\":\"https:\/\/secure.gravatar.com\/avatar\/ab6ed81a8cc6f2ff8b219f80d984d58a?s=96&d=mm&r=g\",\"contentUrl\":\"https:\/\/secure.gravatar.com\/avatar\/ab6ed81a8cc6f2ff8b219f80d984d58a?s=96&d=mm&r=g\",\"caption\":\"Escuela Militar Capitan General Gerardo Barrios\"},\"sameAs\":[\"http:\/\/nueva.mdn.mil\/escuelamilitar\"],\"url\":\"https:\/\/escuelamilitar.mil.sv\/?author=3\"}]}<\/script>\n<!-- \/ Yoast SEO plugin. -->","yoast_head_json":{"title":"Centro de Educaci\u00f3n e Instrucci\u00f3n Naval - CEIN - Escuela Militar Capit\u00e1n General Gerardo Barrios","robots":{"index":"index","follow":"follow","max-snippet":"max-snippet:-1","max-image-preview":"max-image-preview:large","max-video-preview":"max-video-preview:-1"},"canonical":"https:\/\/escuelamilitar.mil.sv\/?p=1655","og_locale":"es_ES","og_type":"article","og_title":"Centro de Educaci\u00f3n e Instrucci\u00f3n Naval - CEIN - Escuela Militar Capit\u00e1n General Gerardo Barrios","og_description":"La historia de la educaci\u00f3n tiene sus ra\u00edces desde antes de la fundaci\u00f3n de la Fuerza Naval; es decir, se inicia desde 1949 y ha permitido la profesionalizaci\u00f3n de la [&hellip;]","og_url":"https:\/\/escuelamilitar.mil.sv\/?p=1655","og_site_name":"Escuela Militar Capit\u00e1n General Gerardo Barrios","article_published_time":"2024-09-18T20:43:00+00:00","article_modified_time":"2024-10-09T16:54:54+00:00","og_image":[{"width":1067,"height":800,"url":"https:\/\/escuelamilitar.mil.sv\/wp-content\/uploads\/2021\/08\/CEINP2.jpg","type":"image\/jpeg"}],"author":"Escuela Militar Capitan General Gerardo Barrios","twitter_card":"summary_large_image","twitter_misc":{"Escrito por":"Escuela Militar Capitan General Gerardo Barrios","Tiempo de lectura":"3 minutos"},"schema":{"@context":"https:\/\/schema.org","@graph":[{"@type":"WebPage","@id":"https:\/\/escuelamilitar.mil.sv\/?p=1655","url":"https:\/\/escuelamilitar.mil.sv\/?p=1655","name":"Centro de Educaci\u00f3n e Instrucci\u00f3n Naval - CEIN - Escuela Militar Capit\u00e1n General Gerardo Barrios","isPartOf":{"@id":"https:\/\/escuelamilitar.mil.sv\/#website"},"primaryImageOfPage":{"@id":"https:\/\/escuelamilitar.mil.sv\/?p=1655#primaryimage"},"image":{"@id":"https:\/\/escuelamilitar.mil.sv\/?p=1655#primaryimage"},"thumbnailUrl":"https:\/\/escuelamilitar.mil.sv\/wp-content\/uploads\/2021\/08\/CEINP2.jpg","datePublished":"2024-09-18T20:43:00+00:00","dateModified":"2024-10-09T16:54:54+00:00","author":{"@id":"https:\/\/escuelamilitar.mil.sv\/#\/schema\/person\/5e87f3a1f7af5f05a0baea1c5f7ed307"},"breadcrumb":{"@id":"https:\/\/escuelamilitar.mil.sv\/?p=1655#breadcrumb"},"inLanguage":"es","potentialAction":[{"@type":"ReadAction","target":["https:\/\/escuelamilitar.mil.sv\/?p=1655"]}]},{"@type":"ImageObject","inLanguage":"es","@id":"https:\/\/escuelamilitar.mil.sv\/?p=1655#primaryimage","url":"https:\/\/escuelamilitar.mil.sv\/wp-content\/uploads\/2021\/08\/CEINP2.jpg","contentUrl":"https:\/\/escuelamilitar.mil.sv\/wp-content\/uploads\/2021\/08\/CEINP2.jpg","width":1067,"height":800},{"@type":"BreadcrumbList","@id":"https:\/\/escuelamilitar.mil.sv\/?p=1655#breadcrumb","itemListElement":[{"@type":"ListItem","position":1,"name":"Inicio","item":"https:\/\/escuelamilitar.mil.sv\/"},{"@type":"ListItem","position":2,"name":"Centros de Ense\u00f1anza","item":"https:\/\/escuelamilitar.mil.sv\/?cat=2"},{"@type":"ListItem","position":3,"name":"Centro de Educaci\u00f3n e Instrucci\u00f3n Naval &#8211; CEIN"}]},{"@type":"WebSite","@id":"https:\/\/escuelamilitar.mil.sv\/#website","url":"https:\/\/escuelamilitar.mil.sv\/","name":"Escuela Militar Capit\u00e1n General Gerardo Barrios","description":"Escuela Militar","potentialAction":[{"@type":"SearchAction","target":{"@type":"EntryPoint","urlTemplate":"https:\/\/escuelamilitar.mil.sv\/?s={search_term_string}"},"query-input":{"@type":"PropertyValueSpecification","valueRequired":true,"valueName":"search_term_string"}}],"inLanguage":"es"},{"@type":"Person","@id":"https:\/\/escuelamilitar.mil.sv\/#\/schema\/person\/5e87f3a1f7af5f05a0baea1c5f7ed307","name":"Escuela Militar Capitan General Gerardo Barrios","image":{"@type":"ImageObject","inLanguage":"es","@id":"https:\/\/escuelamilitar.mil.sv\/#\/schema\/person\/image\/","url":"https:\/\/secure.gravatar.com\/avatar\/ab6ed81a8cc6f2ff8b219f80d984d58a?s=96&d=mm&r=g","contentUrl":"https:\/\/secure.gravatar.com\/avatar\/ab6ed81a8cc6f2ff8b219f80d984d58a?s=96&d=mm&r=g","caption":"Escuela Militar Capitan General Gerardo Barrios"},"sameAs":["http:\/\/nueva.mdn.mil\/escuelamilitar"],"url":"https:\/\/escuelamilitar.mil.sv\/?author=3"}]}},"_links":{"self":[{"href":"https:\/\/escuelamilitar.mil.sv\/index.php?rest_route=\/wp\/v2\/posts\/1655"}],"collection":[{"href":"https:\/\/escuelamilitar.mil.sv\/index.php?rest_route=\/wp\/v2\/posts"}],"about":[{"href":"https:\/\/escuelamilitar.mil.sv\/index.php?rest_route=\/wp\/v2\/types\/post"}],"author":[{"embeddable":true,"href":"https:\/\/escuelamilitar.mil.sv\/index.php?rest_route=\/wp\/v2\/users\/3"}],"replies":[{"embeddable":true,"href":"https:\/\/escuelamilitar.mil.sv\/index.php?rest_route=%2Fwp%2Fv2%2Fcomments&post=1655"}],"version-history":[{"count":20,"href":"https:\/\/escuelamilitar.mil.sv\/index.php?rest_route=\/wp\/v2\/posts\/1655\/revisions"}],"predecessor-version":[{"id":1978,"href":"https:\/\/escuelamilitar.mil.sv\/index.php?rest_route=\/wp\/v2\/posts\/1655\/revisions\/1978"}],"wp:featuredmedia":[{"embeddable":true,"href":"https:\/\/escuelamilitar.mil.sv\/index.php?rest_route=\/wp\/v2\/media\/1977"}],"wp:attachment":[{"href":"https:\/\/escuelamilitar.mil.sv\/index.php?rest_route=%2Fwp%2Fv2%2Fmedia&parent=1655"}],"wp:term":[{"taxonomy":"category","embeddable":true,"href":"https:\/\/escuelamilitar.mil.sv\/index.php?rest_route=%2Fwp%2Fv2%2Fcategories&post=1655"},{"taxonomy":"post_tag","embeddable":true,"href":"https:\/\/escuelamilitar.mil.sv\/index.php?rest_route=%2Fwp%2Fv2%2Ftags&post=1655"}],"curies":[{"name":"wp","href":"https:\/\/api.w.org\/{rel}","templated":true}]}}